{"id":571,"date":"2016-09-13T10:34:26","date_gmt":"2016-09-13T08:34:26","guid":{"rendered":"https:\/\/braley-france.com\/?p=571"},"modified":"2016-11-08T10:36:25","modified_gmt":"2016-11-08T09:36:25","slug":"nous-avons-adhere-au-cheque-energie","status":"publish","type":"post","link":"https:\/\/braley-france.com\/index.php\/2016\/09\/13\/nous-avons-adhere-au-cheque-energie\/","title":{"rendered":"Nous avons adh\u00e9r\u00e9 au ch\u00e8que \u00e9nergie !"},"content":{"rendered":"<p>Si vous \u00eates b\u00e9n\u00e9ficiaire d&rsquo;un ch\u00e8que \u00e9nergie, vous pouvez r\u00e9gler votre facture de bois avec celui-ci !<!--more--><\/p>\n<p><a href=\"http:\/\/www.developpement-durable.gouv.fr\/IMG\/pdf\/16044_4P-cheque-energie_LIGHT.pdf\">http:\/\/www.developpement-durable.gouv.fr\/IMG\/pdf\/16044_4P-cheque-energie_LIGHT.pdf<\/a><\/p>\n","protected":false},"excerpt":{"rendered":"<p>Si vous \u00eates b\u00e9n\u00e9ficiaire d&rsquo;un ch\u00e8que \u00e9nergie, vous pouvez r\u00e9gler votre facture de bois avec celui-ci !<\/p>\n","protected":false},"author":1,"featured_media":572,"comment_status":"open","ping_status":"open","sticky":false,"template":"","format":"standard","meta":{"_acf_changed":false,"footnotes":""},"categories":[1],"tags":[],"class_list":["post-571","post","type-post","status-publish","format-standard","has-post-thumbnail","hentry","category-non-classe"],"acf":[],"yoast_head":"<!-- This site is optimized with the Yoast SEO plugin v27.4 - https:\/\/yoast.com\/product\/yoast-seo-wordpress\/ -->\n<title>Nous avons adh\u00e9r\u00e9 au ch\u00e8que \u00e9nergie ! - Braley France<\/title>\n<meta name=\"robots\" content=\"index, follow, max-snippet:-1, max-image-preview:large, max-video-preview:-1\" \/>\n<link rel=\"canonical\" href=\"https:\/\/braley-france.com\/index.php\/2016\/09\/13\/nous-avons-adhere-au-cheque-energie\/\" \/>\n<meta property=\"og:locale\" content=\"fr_FR\" \/>\n<meta property=\"og:type\" content=\"article\" \/>\n<meta property=\"og:title\" content=\"Nous avons adh\u00e9r\u00e9 au ch\u00e8que \u00e9nergie ! - Braley France\" \/>\n<meta property=\"og:description\" content=\"Si vous \u00eates b\u00e9n\u00e9ficiaire d&rsquo;un ch\u00e8que \u00e9nergie, vous pouvez r\u00e9gler votre facture de bois avec celui-ci !\" \/>\n<meta property=\"og:url\" content=\"https:\/\/braley-france.com\/index.php\/2016\/09\/13\/nous-avons-adhere-au-cheque-energie\/\" \/>\n<meta property=\"og:site_name\" content=\"Braley France\" \/>\n<meta property=\"article:published_time\" content=\"2016-09-13T08:34:26+00:00\" \/>\n<meta property=\"article:modified_time\" content=\"2016-11-08T09:36:25+00:00\" \/>\n<meta property=\"og:image\" content=\"https:\/\/braley-france.com\/wp-content\/uploads\/2016\/11\/chequeenergie.jpg\" \/>\n\t<meta property=\"og:image:width\" content=\"1261\" \/>\n\t<meta property=\"og:image:height\" content=\"702\" \/>\n\t<meta property=\"og:image:type\" content=\"image\/jpeg\" \/>\n<meta name=\"author\" content=\"stephanie\" \/>\n<meta name=\"twitter:card\" content=\"summary_large_image\" \/>\n<meta name=\"twitter:label1\" content=\"\u00c9crit par\" \/>\n\t<meta name=\"twitter:data1\" content=\"stephanie\" \/>\n<script type=\"application\/ld+json\" class=\"yoast-schema-graph\">{\"@context\":\"https:\\\/\\\/schema.org\",\"@graph\":[{\"@type\":\"Article\",\"@id\":\"https:\\\/\\\/braley-france.com\\\/index.php\\\/2016\\\/09\\\/13\\\/nous-avons-adhere-au-cheque-energie\\\/#article\",\"isPartOf\":{\"@id\":\"https:\\\/\\\/braley-france.com\\\/index.php\\\/2016\\\/09\\\/13\\\/nous-avons-adhere-au-cheque-energie\\\/\"},\"author\":{\"name\":\"stephanie\",\"@id\":\"https:\\\/\\\/braley-france.com\\\/#\\\/schema\\\/person\\\/27d45765ade55e28bd3124d4b90cf393\"},\"headline\":\"Nous avons adh\u00e9r\u00e9 au ch\u00e8que \u00e9nergie !\",\"datePublished\":\"2016-09-13T08:34:26+00:00\",\"dateModified\":\"2016-11-08T09:36:25+00:00\",\"mainEntityOfPage\":{\"@id\":\"https:\\\/\\\/braley-france.com\\\/index.php\\\/2016\\\/09\\\/13\\\/nous-avons-adhere-au-cheque-energie\\\/\"},\"wordCount\":38,\"commentCount\":0,\"image\":{\"@id\":\"https:\\\/\\\/braley-france.com\\\/index.php\\\/2016\\\/09\\\/13\\\/nous-avons-adhere-au-cheque-energie\\\/#primaryimage\"},\"thumbnailUrl\":\"https:\\\/\\\/braley-france.com\\\/wp-content\\\/uploads\\\/2016\\\/11\\\/chequeenergie.jpg\",\"inLanguage\":\"fr-FR\",\"potentialAction\":[{\"@type\":\"CommentAction\",\"name\":\"Comment\",\"target\":[\"https:\\\/\\\/braley-france.com\\\/index.php\\\/2016\\\/09\\\/13\\\/nous-avons-adhere-au-cheque-energie\\\/#respond\"]}]},{\"@type\":\"WebPage\",\"@id\":\"https:\\\/\\\/braley-france.com\\\/index.php\\\/2016\\\/09\\\/13\\\/nous-avons-adhere-au-cheque-energie\\\/\",\"url\":\"https:\\\/\\\/braley-france.com\\\/index.php\\\/2016\\\/09\\\/13\\\/nous-avons-adhere-au-cheque-energie\\\/\",\"name\":\"Nous avons adh\u00e9r\u00e9 au ch\u00e8que \u00e9nergie ! - Braley France\",\"isPartOf\":{\"@id\":\"https:\\\/\\\/braley-france.com\\\/#website\"},\"primaryImageOfPage\":{\"@id\":\"https:\\\/\\\/braley-france.com\\\/index.php\\\/2016\\\/09\\\/13\\\/nous-avons-adhere-au-cheque-energie\\\/#primaryimage\"},\"image\":{\"@id\":\"https:\\\/\\\/braley-france.com\\\/index.php\\\/2016\\\/09\\\/13\\\/nous-avons-adhere-au-cheque-energie\\\/#primaryimage\"},\"thumbnailUrl\":\"https:\\\/\\\/braley-france.com\\\/wp-content\\\/uploads\\\/2016\\\/11\\\/chequeenergie.jpg\",\"datePublished\":\"2016-09-13T08:34:26+00:00\",\"dateModified\":\"2016-11-08T09:36:25+00:00\",\"author\":{\"@id\":\"https:\\\/\\\/braley-france.com\\\/#\\\/schema\\\/person\\\/27d45765ade55e28bd3124d4b90cf393\"},\"breadcrumb\":{\"@id\":\"https:\\\/\\\/braley-france.com\\\/index.php\\\/2016\\\/09\\\/13\\\/nous-avons-adhere-au-cheque-energie\\\/#breadcrumb\"},\"inLanguage\":\"fr-FR\",\"potentialAction\":[{\"@type\":\"ReadAction\",\"target\":[\"https:\\\/\\\/braley-france.com\\\/index.php\\\/2016\\\/09\\\/13\\\/nous-avons-adhere-au-cheque-energie\\\/\"]}]},{\"@type\":\"ImageObject\",\"inLanguage\":\"fr-FR\",\"@id\":\"https:\\\/\\\/braley-france.com\\\/index.php\\\/2016\\\/09\\\/13\\\/nous-avons-adhere-au-cheque-energie\\\/#primaryimage\",\"url\":\"https:\\\/\\\/braley-france.com\\\/wp-content\\\/uploads\\\/2016\\\/11\\\/chequeenergie.jpg\",\"contentUrl\":\"https:\\\/\\\/braley-france.com\\\/wp-content\\\/uploads\\\/2016\\\/11\\\/chequeenergie.jpg\",\"width\":1261,\"height\":702},{\"@type\":\"BreadcrumbList\",\"@id\":\"https:\\\/\\\/braley-france.com\\\/index.php\\\/2016\\\/09\\\/13\\\/nous-avons-adhere-au-cheque-energie\\\/#breadcrumb\",\"itemListElement\":[{\"@type\":\"ListItem\",\"position\":1,\"name\":\"Accueil\",\"item\":\"https:\\\/\\\/braley-france.com\\\/\"},{\"@type\":\"ListItem\",\"position\":2,\"name\":\"Nous avons adh\u00e9r\u00e9 au ch\u00e8que \u00e9nergie !\"}]},{\"@type\":\"WebSite\",\"@id\":\"https:\\\/\\\/braley-france.com\\\/#website\",\"url\":\"https:\\\/\\\/braley-france.com\\\/\",\"name\":\"Braley France\",\"description\":\"Environnement - Energies\",\"potentialAction\":[{\"@type\":\"SearchAction\",\"target\":{\"@type\":\"EntryPoint\",\"urlTemplate\":\"https:\\\/\\\/braley-france.com\\\/?s={search_term_string}\"},\"query-input\":{\"@type\":\"PropertyValueSpecification\",\"valueRequired\":true,\"valueName\":\"search_term_string\"}}],\"inLanguage\":\"fr-FR\"},{\"@type\":\"Person\",\"@id\":\"https:\\\/\\\/braley-france.com\\\/#\\\/schema\\\/person\\\/27d45765ade55e28bd3124d4b90cf393\",\"name\":\"stephanie\",\"image\":{\"@type\":\"ImageObject\",\"inLanguage\":\"fr-FR\",\"@id\":\"https:\\\/\\\/secure.gravatar.com\\\/avatar\\\/a8842d06d065ffbeb193cd8b8df4f02355f3f813b5a9d4884d97aaa8d134fdf4?s=96&d=mm&r=g\",\"url\":\"https:\\\/\\\/secure.gravatar.com\\\/avatar\\\/a8842d06d065ffbeb193cd8b8df4f02355f3f813b5a9d4884d97aaa8d134fdf4?s=96&d=mm&r=g\",\"contentUrl\":\"https:\\\/\\\/secure.gravatar.com\\\/avatar\\\/a8842d06d065ffbeb193cd8b8df4f02355f3f813b5a9d4884d97aaa8d134fdf4?s=96&d=mm&r=g\",\"caption\":\"stephanie\"},\"url\":\"https:\\\/\\\/braley-france.com\\\/index.php\\\/author\\\/stephanie\\\/\"}]}<\/script>\n<!-- \/ Yoast SEO plugin. -->","yoast_head_json":{"title":"Nous avons adh\u00e9r\u00e9 au ch\u00e8que \u00e9nergie ! - Braley France","robots":{"index":"index","follow":"follow","max-snippet":"max-snippet:-1","max-image-preview":"max-image-preview:large","max-video-preview":"max-video-preview:-1"},"canonical":"https:\/\/braley-france.com\/index.php\/2016\/09\/13\/nous-avons-adhere-au-cheque-energie\/","og_locale":"fr_FR","og_type":"article","og_title":"Nous avons adh\u00e9r\u00e9 au ch\u00e8que \u00e9nergie ! - Braley France","og_description":"Si vous \u00eates b\u00e9n\u00e9ficiaire d&rsquo;un ch\u00e8que \u00e9nergie, vous pouvez r\u00e9gler votre facture de bois avec celui-ci !","og_url":"https:\/\/braley-france.com\/index.php\/2016\/09\/13\/nous-avons-adhere-au-cheque-energie\/","og_site_name":"Braley France","article_published_time":"2016-09-13T08:34:26+00:00","article_modified_time":"2016-11-08T09:36:25+00:00","og_image":[{"width":1261,"height":702,"url":"https:\/\/braley-france.com\/wp-content\/uploads\/2016\/11\/chequeenergie.jpg","type":"image\/jpeg"}],"author":"stephanie","twitter_card":"summary_large_image","twitter_misc":{"\u00c9crit par":"stephanie"},"schema":{"@context":"https:\/\/schema.org","@graph":[{"@type":"Article","@id":"https:\/\/braley-france.com\/index.php\/2016\/09\/13\/nous-avons-adhere-au-cheque-energie\/#article","isPartOf":{"@id":"https:\/\/braley-france.com\/index.php\/2016\/09\/13\/nous-avons-adhere-au-cheque-energie\/"},"author":{"name":"stephanie","@id":"https:\/\/braley-france.com\/#\/schema\/person\/27d45765ade55e28bd3124d4b90cf393"},"headline":"Nous avons adh\u00e9r\u00e9 au ch\u00e8que \u00e9nergie !","datePublished":"2016-09-13T08:34:26+00:00","dateModified":"2016-11-08T09:36:25+00:00","mainEntityOfPage":{"@id":"https:\/\/braley-france.com\/index.php\/2016\/09\/13\/nous-avons-adhere-au-cheque-energie\/"},"wordCount":38,"commentCount":0,"image":{"@id":"https:\/\/braley-france.com\/index.php\/2016\/09\/13\/nous-avons-adhere-au-cheque-energie\/#primaryimage"},"thumbnailUrl":"https:\/\/braley-france.com\/wp-content\/uploads\/2016\/11\/chequeenergie.jpg","inLanguage":"fr-FR","potentialAction":[{"@type":"CommentAction","name":"Comment","target":["https:\/\/braley-france.com\/index.php\/2016\/09\/13\/nous-avons-adhere-au-cheque-energie\/#respond"]}]},{"@type":"WebPage","@id":"https:\/\/braley-france.com\/index.php\/2016\/09\/13\/nous-avons-adhere-au-cheque-energie\/","url":"https:\/\/braley-france.com\/index.php\/2016\/09\/13\/nous-avons-adhere-au-cheque-energie\/","name":"Nous avons adh\u00e9r\u00e9 au ch\u00e8que \u00e9nergie ! - Braley France","isPartOf":{"@id":"https:\/\/braley-france.com\/#website"},"primaryImageOfPage":{"@id":"https:\/\/braley-france.com\/index.php\/2016\/09\/13\/nous-avons-adhere-au-cheque-energie\/#primaryimage"},"image":{"@id":"https:\/\/braley-france.com\/index.php\/2016\/09\/13\/nous-avons-adhere-au-cheque-energie\/#primaryimage"},"thumbnailUrl":"https:\/\/braley-france.com\/wp-content\/uploads\/2016\/11\/chequeenergie.jpg","datePublished":"2016-09-13T08:34:26+00:00","dateModified":"2016-11-08T09:36:25+00:00","author":{"@id":"https:\/\/braley-france.com\/#\/schema\/person\/27d45765ade55e28bd3124d4b90cf393"},"breadcrumb":{"@id":"https:\/\/braley-france.com\/index.php\/2016\/09\/13\/nous-avons-adhere-au-cheque-energie\/#breadcrumb"},"inLanguage":"fr-FR","potentialAction":[{"@type":"ReadAction","target":["https:\/\/braley-france.com\/index.php\/2016\/09\/13\/nous-avons-adhere-au-cheque-energie\/"]}]},{"@type":"ImageObject","inLanguage":"fr-FR","@id":"https:\/\/braley-france.com\/index.php\/2016\/09\/13\/nous-avons-adhere-au-cheque-energie\/#primaryimage","url":"https:\/\/braley-france.com\/wp-content\/uploads\/2016\/11\/chequeenergie.jpg","contentUrl":"https:\/\/braley-france.com\/wp-content\/uploads\/2016\/11\/chequeenergie.jpg","width":1261,"height":702},{"@type":"BreadcrumbList","@id":"https:\/\/braley-france.com\/index.php\/2016\/09\/13\/nous-avons-adhere-au-cheque-energie\/#breadcrumb","itemListElement":[{"@type":"ListItem","position":1,"name":"Accueil","item":"https:\/\/braley-france.com\/"},{"@type":"ListItem","position":2,"name":"Nous avons adh\u00e9r\u00e9 au ch\u00e8que \u00e9nergie !"}]},{"@type":"WebSite","@id":"https:\/\/braley-france.com\/#website","url":"https:\/\/braley-france.com\/","name":"Braley France","description":"Environnement - Energies","potentialAction":[{"@type":"SearchAction","target":{"@type":"EntryPoint","urlTemplate":"https:\/\/braley-france.com\/?s={search_term_string}"},"query-input":{"@type":"PropertyValueSpecification","valueRequired":true,"valueName":"search_term_string"}}],"inLanguage":"fr-FR"},{"@type":"Person","@id":"https:\/\/braley-france.com\/#\/schema\/person\/27d45765ade55e28bd3124d4b90cf393","name":"stephanie","image":{"@type":"ImageObject","inLanguage":"fr-FR","@id":"https:\/\/secure.gravatar.com\/avatar\/a8842d06d065ffbeb193cd8b8df4f02355f3f813b5a9d4884d97aaa8d134fdf4?s=96&d=mm&r=g","url":"https:\/\/secure.gravatar.com\/avatar\/a8842d06d065ffbeb193cd8b8df4f02355f3f813b5a9d4884d97aaa8d134fdf4?s=96&d=mm&r=g","contentUrl":"https:\/\/secure.gravatar.com\/avatar\/a8842d06d065ffbeb193cd8b8df4f02355f3f813b5a9d4884d97aaa8d134fdf4?s=96&d=mm&r=g","caption":"stephanie"},"url":"https:\/\/braley-france.com\/index.php\/author\/stephanie\/"}]}},"_links":{"self":[{"href":"https:\/\/braley-france.com\/index.php\/wp-json\/wp\/v2\/posts\/571","targetHints":{"allow":["GET"]}}],"collection":[{"href":"https:\/\/braley-france.com\/index.php\/wp-json\/wp\/v2\/posts"}],"about":[{"href":"https:\/\/braley-france.com\/index.php\/wp-json\/wp\/v2\/types\/post"}],"author":[{"embeddable":true,"href":"https:\/\/braley-france.com\/index.php\/wp-json\/wp\/v2\/users\/1"}],"replies":[{"embeddable":true,"href":"https:\/\/braley-france.com\/index.php\/wp-json\/wp\/v2\/comments?post=571"}],"version-history":[{"count":1,"href":"https:\/\/braley-france.com\/index.php\/wp-json\/wp\/v2\/posts\/571\/revisions"}],"predecessor-version":[{"id":573,"href":"https:\/\/braley-france.com\/index.php\/wp-json\/wp\/v2\/posts\/571\/revisions\/573"}],"wp:featuredmedia":[{"embeddable":true,"href":"https:\/\/braley-france.com\/index.php\/wp-json\/wp\/v2\/media\/572"}],"wp:attachment":[{"href":"https:\/\/braley-france.com\/index.php\/wp-json\/wp\/v2\/media?parent=571"}],"wp:term":[{"taxonomy":"category","embeddable":true,"href":"https:\/\/braley-france.com\/index.php\/wp-json\/wp\/v2\/categories?post=571"},{"taxonomy":"post_tag","embeddable":true,"href":"https:\/\/braley-france.com\/index.php\/wp-json\/wp\/v2\/tags?post=571"}],"curies":[{"name":"wp","href":"https:\/\/api.w.org\/{rel}","templated":true}]}}