{"id":548,"date":"2016-10-07T09:53:30","date_gmt":"2016-10-07T07:53:30","guid":{"rendered":"https:\/\/braley-france.com\/?p=548"},"modified":"2016-11-08T10:37:00","modified_gmt":"2016-11-08T09:37:00","slug":"fete-de-lachevement-de-la-charpente-et-du-gros-oeuvre-en-tradition","status":"publish","type":"post","link":"https:\/\/braley-france.com\/index.php\/2016\/10\/07\/fete-de-lachevement-de-la-charpente-et-du-gros-oeuvre-en-tradition\/","title":{"rendered":"F\u00eate de l&rsquo;ach\u00e8vement de la charpente et du gros oeuvre en tradition"},"content":{"rendered":"<p>Le 7 octobre 2016, nous avons f\u00eat\u00e9 avec tradition l&rsquo;ach\u00e8vement de la charpente et du gros oeuvre (d\u00e9chetterie professionnelle) en la pr\u00e9sence de Monsieur le Maire d&rsquo; Onet le Chateau, Mouysset Charpente et la soci\u00e9t\u00e9 Andrieu Construction.<!--more--><\/p>\n<p><strong>Explication de cette tradition:<\/strong><br \/>\n\u00ab\u00a0Le bouquet final est une tradition qui consiste \u00e0 marquer l&rsquo;ach\u00e8vement du gros \u0153uvre d&rsquo;une construction par la pose d&rsquo;un branchage, ou d&rsquo;un arbre d\u00e9cor\u00e9 de fleurs et de rubans, en haut de la charpente. Cette c\u00e9r\u00e9mo<span class=\"text_exposed_show\">nie remonterait aux anciens cultes de l\u2019arbre en Europe du Nord. On conservait les branchages des troncs utilis\u00e9s dans la construction des charpentes pour orner la b\u00e2tisse en respect pour l\u2019arbre sacrifi\u00e9.<br \/>\n<\/span><\/p>\n<p><span class=\"text_exposed_show\">Au milieu du XIXe si\u00e8cle, la c\u00e9r\u00e9monie se passe en France, de la fa\u00e7on suivante : Un compagnon tir\u00e9 au sort grimpe au sommet de l&rsquo;\u00e9difice pour y attacher un branchage orn\u00e9 de fleurs et de rubans, sous les acclamations de ses coll\u00e8gues.\u00a0 Cette c\u00e9r\u00e9monie marque formellement et joyeusement la fin du chantier.\u00a0\u00bb <\/span><\/p>\n<p><span class=\"text_exposed_show\">(source Wikipedia)<\/span><\/p>\n<div id='gallery-1' class='gallery galleryid-548 gallery-columns-4 gallery-size-thumbnail'><figure class='gallery-item'>\n\t\t\t<div class='gallery-icon landscape'>\n\t\t\t\t<a href='https:\/\/braley-france.com\/wp-content\/uploads\/2016\/11\/chalet-1.jpg'><img loading=\"lazy\" decoding=\"async\" width=\"150\" height=\"150\" src=\"https:\/\/braley-france.com\/wp-content\/uploads\/2016\/11\/chalet-1-150x150.jpg\" class=\"attachment-thumbnail size-thumbnail\" alt=\"\" srcset=\"https:\/\/braley-france.com\/wp-content\/uploads\/2016\/11\/chalet-1-150x150.jpg 150w, https:\/\/braley-france.com\/wp-content\/uploads\/2016\/11\/chalet-1-300x300.jpg 300w, https:\/\/braley-france.com\/wp-content\/uploads\/2016\/11\/chalet-1-100x100.jpg 100w\" sizes=\"auto, (max-width: 150px) 100vw, 150px\" \/><\/a>\n\t\t\t<\/div><\/figure><figure class='gallery-item'>\n\t\t\t<div class='gallery-icon landscape'>\n\t\t\t\t<a href='https:\/\/braley-france.com\/wp-content\/uploads\/2016\/11\/chalet-2.jpg'><img loading=\"lazy\" decoding=\"async\" width=\"150\" height=\"150\" src=\"https:\/\/braley-france.com\/wp-content\/uploads\/2016\/11\/chalet-2-150x150.jpg\" class=\"attachment-thumbnail size-thumbnail\" alt=\"\" srcset=\"https:\/\/braley-france.com\/wp-content\/uploads\/2016\/11\/chalet-2-150x150.jpg 150w, https:\/\/braley-france.com\/wp-content\/uploads\/2016\/11\/chalet-2-300x300.jpg 300w, https:\/\/braley-france.com\/wp-content\/uploads\/2016\/11\/chalet-2-100x100.jpg 100w\" sizes=\"auto, (max-width: 150px) 100vw, 150px\" \/><\/a>\n\t\t\t<\/div><\/figure><figure class='gallery-item'>\n\t\t\t<div class='gallery-icon landscape'>\n\t\t\t\t<a href='https:\/\/braley-france.com\/wp-content\/uploads\/2016\/11\/chalet-3.jpg'><img loading=\"lazy\" decoding=\"async\" width=\"150\" height=\"150\" src=\"https:\/\/braley-france.com\/wp-content\/uploads\/2016\/11\/chalet-3-150x150.jpg\" class=\"attachment-thumbnail size-thumbnail\" alt=\"\" srcset=\"https:\/\/braley-france.com\/wp-content\/uploads\/2016\/11\/chalet-3-150x150.jpg 150w, https:\/\/braley-france.com\/wp-content\/uploads\/2016\/11\/chalet-3-300x300.jpg 300w, https:\/\/braley-france.com\/wp-content\/uploads\/2016\/11\/chalet-3-100x100.jpg 100w\" sizes=\"auto, (max-width: 150px) 100vw, 150px\" \/><\/a>\n\t\t\t<\/div><\/figure><figure class='gallery-item'>\n\t\t\t<div class='gallery-icon portrait'>\n\t\t\t\t<a href='https:\/\/braley-france.com\/wp-content\/uploads\/2016\/11\/chalet-4.jpg'><img loading=\"lazy\" decoding=\"async\" width=\"150\" height=\"150\" src=\"https:\/\/braley-france.com\/wp-content\/uploads\/2016\/11\/chalet-4-150x150.jpg\" class=\"attachment-thumbnail size-thumbnail\" alt=\"\" srcset=\"https:\/\/braley-france.com\/wp-content\/uploads\/2016\/11\/chalet-4-150x150.jpg 150w, https:\/\/braley-france.com\/wp-content\/uploads\/2016\/11\/chalet-4-300x300.jpg 300w, https:\/\/braley-france.com\/wp-content\/uploads\/2016\/11\/chalet-4-100x100.jpg 100w\" sizes=\"auto, (max-width: 150px) 100vw, 150px\" \/><\/a>\n\t\t\t<\/div><\/figure><figure class='gallery-item'>\n\t\t\t<div class='gallery-icon landscape'>\n\t\t\t\t<a href='https:\/\/braley-france.com\/wp-content\/uploads\/2016\/11\/chalet-5.jpg'><img loading=\"lazy\" decoding=\"async\" width=\"150\" height=\"150\" src=\"https:\/\/braley-france.com\/wp-content\/uploads\/2016\/11\/chalet-5-150x150.jpg\" class=\"attachment-thumbnail size-thumbnail\" alt=\"\" srcset=\"https:\/\/braley-france.com\/wp-content\/uploads\/2016\/11\/chalet-5-150x150.jpg 150w, https:\/\/braley-france.com\/wp-content\/uploads\/2016\/11\/chalet-5-300x300.jpg 300w, https:\/\/braley-france.com\/wp-content\/uploads\/2016\/11\/chalet-5-100x100.jpg 100w\" sizes=\"auto, (max-width: 150px) 100vw, 150px\" \/><\/a>\n\t\t\t<\/div><\/figure><figure class='gallery-item'>\n\t\t\t<div class='gallery-icon landscape'>\n\t\t\t\t<a href='https:\/\/braley-france.com\/wp-content\/uploads\/2016\/11\/chalet-6.jpg'><img loading=\"lazy\" decoding=\"async\" width=\"150\" height=\"150\" src=\"https:\/\/braley-france.com\/wp-content\/uploads\/2016\/11\/chalet-6-150x150.jpg\" class=\"attachment-thumbnail size-thumbnail\" alt=\"\" srcset=\"https:\/\/braley-france.com\/wp-content\/uploads\/2016\/11\/chalet-6-150x150.jpg 150w, https:\/\/braley-france.com\/wp-content\/uploads\/2016\/11\/chalet-6-300x300.jpg 300w, https:\/\/braley-france.com\/wp-content\/uploads\/2016\/11\/chalet-6-100x100.jpg 100w\" sizes=\"auto, (max-width: 150px) 100vw, 150px\" \/><\/a>\n\t\t\t<\/div><\/figure><figure class='gallery-item'>\n\t\t\t<div class='gallery-icon landscape'>\n\t\t\t\t<a href='https:\/\/braley-france.com\/wp-content\/uploads\/2016\/11\/chalet-7.jpg'><img loading=\"lazy\" decoding=\"async\" width=\"150\" height=\"150\" src=\"https:\/\/braley-france.com\/wp-content\/uploads\/2016\/11\/chalet-7-150x150.jpg\" class=\"attachment-thumbnail size-thumbnail\" alt=\"\" srcset=\"https:\/\/braley-france.com\/wp-content\/uploads\/2016\/11\/chalet-7-150x150.jpg 150w, https:\/\/braley-france.com\/wp-content\/uploads\/2016\/11\/chalet-7-300x300.jpg 300w, https:\/\/braley-france.com\/wp-content\/uploads\/2016\/11\/chalet-7-100x100.jpg 100w\" sizes=\"auto, (max-width: 150px) 100vw, 150px\" \/><\/a>\n\t\t\t<\/div><\/figure><figure class='gallery-item'>\n\t\t\t<div class='gallery-icon landscape'>\n\t\t\t\t<a href='https:\/\/braley-france.com\/wp-content\/uploads\/2016\/11\/chalet-8.jpg'><img loading=\"lazy\" decoding=\"async\" width=\"150\" height=\"150\" src=\"https:\/\/braley-france.com\/wp-content\/uploads\/2016\/11\/chalet-8-150x150.jpg\" class=\"attachment-thumbnail size-thumbnail\" alt=\"\" srcset=\"https:\/\/braley-france.com\/wp-content\/uploads\/2016\/11\/chalet-8-150x150.jpg 150w, https:\/\/braley-france.com\/wp-content\/uploads\/2016\/11\/chalet-8-300x300.jpg 300w, https:\/\/braley-france.com\/wp-content\/uploads\/2016\/11\/chalet-8-100x100.jpg 100w\" sizes=\"auto, (max-width: 150px) 100vw, 150px\" \/><\/a>\n\t\t\t<\/div><\/figure><figure class='gallery-item'>\n\t\t\t<div class='gallery-icon landscape'>\n\t\t\t\t<a href='https:\/\/braley-france.com\/wp-content\/uploads\/2016\/11\/chalet-9.jpg'><img loading=\"lazy\" decoding=\"async\" width=\"150\" height=\"150\" src=\"https:\/\/braley-france.com\/wp-content\/uploads\/2016\/11\/chalet-9-150x150.jpg\" class=\"attachment-thumbnail size-thumbnail\" alt=\"\" srcset=\"https:\/\/braley-france.com\/wp-content\/uploads\/2016\/11\/chalet-9-150x150.jpg 150w, https:\/\/braley-france.com\/wp-content\/uploads\/2016\/11\/chalet-9-300x300.jpg 300w, https:\/\/braley-france.com\/wp-content\/uploads\/2016\/11\/chalet-9-100x100.jpg 100w\" sizes=\"auto, (max-width: 150px) 100vw, 150px\" \/><\/a>\n\t\t\t<\/div><\/figure><figure class='gallery-item'>\n\t\t\t<div class='gallery-icon landscape'>\n\t\t\t\t<a href='https:\/\/braley-france.com\/wp-content\/uploads\/2016\/11\/chalet-10.jpg'><img loading=\"lazy\" decoding=\"async\" width=\"150\" height=\"150\" src=\"https:\/\/braley-france.com\/wp-content\/uploads\/2016\/11\/chalet-10-150x150.jpg\" class=\"attachment-thumbnail size-thumbnail\" alt=\"\" srcset=\"https:\/\/braley-france.com\/wp-content\/uploads\/2016\/11\/chalet-10-150x150.jpg 150w, https:\/\/braley-france.com\/wp-content\/uploads\/2016\/11\/chalet-10-300x300.jpg 300w, https:\/\/braley-france.com\/wp-content\/uploads\/2016\/11\/chalet-10-100x100.jpg 100w\" sizes=\"auto, (max-width: 150px) 100vw, 150px\" \/><\/a>\n\t\t\t<\/div><\/figure><figure class='gallery-item'>\n\t\t\t<div class='gallery-icon landscape'>\n\t\t\t\t<a href='https:\/\/braley-france.com\/wp-content\/uploads\/2016\/11\/chalet-11.jpg'><img loading=\"lazy\" decoding=\"async\" width=\"150\" height=\"150\" src=\"https:\/\/braley-france.com\/wp-content\/uploads\/2016\/11\/chalet-11-150x150.jpg\" class=\"attachment-thumbnail size-thumbnail\" alt=\"\" srcset=\"https:\/\/braley-france.com\/wp-content\/uploads\/2016\/11\/chalet-11-150x150.jpg 150w, https:\/\/braley-france.com\/wp-content\/uploads\/2016\/11\/chalet-11-300x300.jpg 300w, https:\/\/braley-france.com\/wp-content\/uploads\/2016\/11\/chalet-11-100x100.jpg 100w\" sizes=\"auto, (max-width: 150px) 100vw, 150px\" \/><\/a>\n\t\t\t<\/div><\/figure><figure class='gallery-item'>\n\t\t\t<div class='gallery-icon landscape'>\n\t\t\t\t<a href='https:\/\/braley-france.com\/wp-content\/uploads\/2016\/11\/chalet-12.jpg'><img loading=\"lazy\" decoding=\"async\" width=\"150\" height=\"150\" src=\"https:\/\/braley-france.com\/wp-content\/uploads\/2016\/11\/chalet-12-150x150.jpg\" class=\"attachment-thumbnail size-thumbnail\" alt=\"\" srcset=\"https:\/\/braley-france.com\/wp-content\/uploads\/2016\/11\/chalet-12-150x150.jpg 150w, https:\/\/braley-france.com\/wp-content\/uploads\/2016\/11\/chalet-12-300x300.jpg 300w, https:\/\/braley-france.com\/wp-content\/uploads\/2016\/11\/chalet-12-100x100.jpg 100w\" sizes=\"auto, (max-width: 150px) 100vw, 150px\" \/><\/a>\n\t\t\t<\/div><\/figure><figure class='gallery-item'>\n\t\t\t<div class='gallery-icon landscape'>\n\t\t\t\t<a href='https:\/\/braley-france.com\/wp-content\/uploads\/2016\/11\/chalet-13.jpg'><img loading=\"lazy\" decoding=\"async\" width=\"150\" height=\"150\" src=\"https:\/\/braley-france.com\/wp-content\/uploads\/2016\/11\/chalet-13-150x150.jpg\" class=\"attachment-thumbnail size-thumbnail\" alt=\"\" srcset=\"https:\/\/braley-france.com\/wp-content\/uploads\/2016\/11\/chalet-13-150x150.jpg 150w, https:\/\/braley-france.com\/wp-content\/uploads\/2016\/11\/chalet-13-300x300.jpg 300w, https:\/\/braley-france.com\/wp-content\/uploads\/2016\/11\/chalet-13-100x100.jpg 100w\" sizes=\"auto, (max-width: 150px) 100vw, 150px\" \/><\/a>\n\t\t\t<\/div><\/figure><figure class='gallery-item'>\n\t\t\t<div class='gallery-icon landscape'>\n\t\t\t\t<a href='https:\/\/braley-france.com\/wp-content\/uploads\/2016\/11\/chalet-14.jpg'><img loading=\"lazy\" decoding=\"async\" width=\"150\" height=\"150\" src=\"https:\/\/braley-france.com\/wp-content\/uploads\/2016\/11\/chalet-14-150x150.jpg\" class=\"attachment-thumbnail size-thumbnail\" alt=\"\" srcset=\"https:\/\/braley-france.com\/wp-content\/uploads\/2016\/11\/chalet-14-150x150.jpg 150w, https:\/\/braley-france.com\/wp-content\/uploads\/2016\/11\/chalet-14-300x300.jpg 300w, https:\/\/braley-france.com\/wp-content\/uploads\/2016\/11\/chalet-14-100x100.jpg 100w\" sizes=\"auto, (max-width: 150px) 100vw, 150px\" \/><\/a>\n\t\t\t<\/div><\/figure><figure class='gallery-item'>\n\t\t\t<div class='gallery-icon landscape'>\n\t\t\t\t<a href='https:\/\/braley-france.com\/wp-content\/uploads\/2016\/11\/chalet-15.jpg'><img loading=\"lazy\" decoding=\"async\" width=\"150\" height=\"150\" src=\"https:\/\/braley-france.com\/wp-content\/uploads\/2016\/11\/chalet-15-150x150.jpg\" class=\"attachment-thumbnail size-thumbnail\" alt=\"\" srcset=\"https:\/\/braley-france.com\/wp-content\/uploads\/2016\/11\/chalet-15-150x150.jpg 150w, https:\/\/braley-france.com\/wp-content\/uploads\/2016\/11\/chalet-15-300x300.jpg 300w, https:\/\/braley-france.com\/wp-content\/uploads\/2016\/11\/chalet-15-100x100.jpg 100w\" sizes=\"auto, (max-width: 150px) 100vw, 150px\" \/><\/a>\n\t\t\t<\/div><\/figure><figure class='gallery-item'>\n\t\t\t<div class='gallery-icon landscape'>\n\t\t\t\t<a href='https:\/\/braley-france.com\/wp-content\/uploads\/2016\/11\/chalet-16.jpg'><img loading=\"lazy\" decoding=\"async\" width=\"150\" height=\"150\" src=\"https:\/\/braley-france.com\/wp-content\/uploads\/2016\/11\/chalet-16-150x150.jpg\" class=\"attachment-thumbnail size-thumbnail\" alt=\"\" srcset=\"https:\/\/braley-france.com\/wp-content\/uploads\/2016\/11\/chalet-16-150x150.jpg 150w, https:\/\/braley-france.com\/wp-content\/uploads\/2016\/11\/chalet-16-300x300.jpg 300w, https:\/\/braley-france.com\/wp-content\/uploads\/2016\/11\/chalet-16-100x100.jpg 100w\" sizes=\"auto, (max-width: 150px) 100vw, 150px\" \/><\/a>\n\t\t\t<\/div><\/figure><figure class='gallery-item'>\n\t\t\t<div class='gallery-icon landscape'>\n\t\t\t\t<a href='https:\/\/braley-france.com\/wp-content\/uploads\/2016\/11\/chalet-17.jpg'><img loading=\"lazy\" decoding=\"async\" width=\"150\" height=\"150\" src=\"https:\/\/braley-france.com\/wp-content\/uploads\/2016\/11\/chalet-17-150x150.jpg\" class=\"attachment-thumbnail size-thumbnail\" alt=\"\" srcset=\"https:\/\/braley-france.com\/wp-content\/uploads\/2016\/11\/chalet-17-150x150.jpg 150w, https:\/\/braley-france.com\/wp-content\/uploads\/2016\/11\/chalet-17-300x300.jpg 300w, https:\/\/braley-france.com\/wp-content\/uploads\/2016\/11\/chalet-17-100x100.jpg 100w\" sizes=\"auto, (max-width: 150px) 100vw, 150px\" \/><\/a>\n\t\t\t<\/div><\/figure><figure class='gallery-item'>\n\t\t\t<div class='gallery-icon landscape'>\n\t\t\t\t<a href='https:\/\/braley-france.com\/wp-content\/uploads\/2016\/11\/chalet-18.jpg'><img loading=\"lazy\" decoding=\"async\" width=\"150\" height=\"150\" src=\"https:\/\/braley-france.com\/wp-content\/uploads\/2016\/11\/chalet-18-150x150.jpg\" class=\"attachment-thumbnail size-thumbnail\" alt=\"\" srcset=\"https:\/\/braley-france.com\/wp-content\/uploads\/2016\/11\/chalet-18-150x150.jpg 150w, https:\/\/braley-france.com\/wp-content\/uploads\/2016\/11\/chalet-18-300x300.jpg 300w, https:\/\/braley-france.com\/wp-content\/uploads\/2016\/11\/chalet-18-100x100.jpg 100w\" sizes=\"auto, (max-width: 150px) 100vw, 150px\" \/><\/a>\n\t\t\t<\/div><\/figure><figure class='gallery-item'>\n\t\t\t<div class='gallery-icon landscape'>\n\t\t\t\t<a href='https:\/\/braley-france.com\/wp-content\/uploads\/2016\/11\/chalet-19.jpg'><img loading=\"lazy\" decoding=\"async\" width=\"150\" height=\"150\" src=\"https:\/\/braley-france.com\/wp-content\/uploads\/2016\/11\/chalet-19-150x150.jpg\" class=\"attachment-thumbnail size-thumbnail\" alt=\"\" srcset=\"https:\/\/braley-france.com\/wp-content\/uploads\/2016\/11\/chalet-19-150x150.jpg 150w, https:\/\/braley-france.com\/wp-content\/uploads\/2016\/11\/chalet-19-300x300.jpg 300w, https:\/\/braley-france.com\/wp-content\/uploads\/2016\/11\/chalet-19-100x100.jpg 100w\" sizes=\"auto, (max-width: 150px) 100vw, 150px\" \/><\/a>\n\t\t\t<\/div><\/figure><figure class='gallery-item'>\n\t\t\t<div class='gallery-icon landscape'>\n\t\t\t\t<a href='https:\/\/braley-france.com\/wp-content\/uploads\/2016\/11\/chalet-20.jpg'><img loading=\"lazy\" decoding=\"async\" width=\"150\" height=\"150\" src=\"https:\/\/braley-france.com\/wp-content\/uploads\/2016\/11\/chalet-20-150x150.jpg\" class=\"attachment-thumbnail size-thumbnail\" alt=\"\" srcset=\"https:\/\/braley-france.com\/wp-content\/uploads\/2016\/11\/chalet-20-150x150.jpg 150w, https:\/\/braley-france.com\/wp-content\/uploads\/2016\/11\/chalet-20-300x300.jpg 300w, https:\/\/braley-france.com\/wp-content\/uploads\/2016\/11\/chalet-20-100x100.jpg 100w\" sizes=\"auto, (max-width: 150px) 100vw, 150px\" \/><\/a>\n\t\t\t<\/div><\/figure>\n\t\t<\/div>\n\n","protected":false},"excerpt":{"rendered":"<p>Le 7 octobre 2016, nous avons f\u00eat\u00e9 avec tradition l&rsquo;ach\u00e8vement de la charpente et du gros oeuvre (d\u00e9chetterie professionnelle) en la pr\u00e9sence de Monsieur le Maire d&rsquo; Onet le Chateau, Mouysset Charpente et la soci\u00e9t\u00e9 Andrieu Construction.<\/p>\n","protected":false},"author":1,"featured_media":549,"comment_status":"open","ping_status":"open","sticky":false,"template":"","format":"standard","meta":{"_acf_changed":false,"footnotes":""},"categories":[1],"tags":[],"class_list":["post-548","post","type-post","status-publish","format-standard","has-post-thumbnail","hentry","category-non-classe"],"acf":[],"yoast_head":"<!-- This site is optimized with the Yoast SEO plugin v27.5 - https:\/\/yoast.com\/product\/yoast-seo-wordpress\/ -->\n<title>F\u00eate de l&#039;ach\u00e8vement de la charpente et du gros oeuvre en tradition - Braley France<\/title>\n<meta name=\"robots\" content=\"index, follow, max-snippet:-1, max-image-preview:large, max-video-preview:-1\" \/>\n<link rel=\"canonical\" href=\"https:\/\/braley-france.com\/index.php\/2016\/10\/07\/fete-de-lachevement-de-la-charpente-et-du-gros-oeuvre-en-tradition\/\" \/>\n<meta property=\"og:locale\" content=\"fr_FR\" \/>\n<meta property=\"og:type\" content=\"article\" \/>\n<meta property=\"og:title\" content=\"F\u00eate de l&#039;ach\u00e8vement de la charpente et du gros oeuvre en tradition - Braley France\" \/>\n<meta property=\"og:description\" content=\"Le 7 octobre 2016, nous avons f\u00eat\u00e9 avec tradition l&rsquo;ach\u00e8vement de la charpente et du gros oeuvre (d\u00e9chetterie professionnelle) en la pr\u00e9sence de Monsieur le Maire d&rsquo; Onet le Chateau, Mouysset Charpente et la soci\u00e9t\u00e9 Andrieu Construction.\" \/>\n<meta property=\"og:url\" content=\"https:\/\/braley-france.com\/index.php\/2016\/10\/07\/fete-de-lachevement-de-la-charpente-et-du-gros-oeuvre-en-tradition\/\" \/>\n<meta property=\"og:site_name\" content=\"Braley France\" \/>\n<meta property=\"article:published_time\" content=\"2016-10-07T07:53:30+00:00\" \/>\n<meta property=\"article:modified_time\" content=\"2016-11-08T09:37:00+00:00\" \/>\n<meta property=\"og:image\" content=\"https:\/\/braley-france.com\/wp-content\/uploads\/2016\/11\/14524432_10154149676643731_4809202277870202827_o.jpg\" \/>\n\t<meta property=\"og:image:width\" content=\"1632\" \/>\n\t<meta property=\"og:image:height\" content=\"1224\" \/>\n\t<meta property=\"og:image:type\" content=\"image\/jpeg\" \/>\n<meta name=\"author\" content=\"stephanie\" \/>\n<meta name=\"twitter:card\" content=\"summary_large_image\" \/>\n<meta name=\"twitter:label1\" content=\"\u00c9crit par\" \/>\n\t<meta name=\"twitter:data1\" content=\"stephanie\" \/>\n\t<meta name=\"twitter:label2\" content=\"Dur\u00e9e de lecture estim\u00e9e\" \/>\n\t<meta name=\"twitter:data2\" content=\"1 minute\" \/>\n<script type=\"application\/ld+json\" class=\"yoast-schema-graph\">{\"@context\":\"https:\\\/\\\/schema.org\",\"@graph\":[{\"@type\":\"Article\",\"@id\":\"https:\\\/\\\/braley-france.com\\\/index.php\\\/2016\\\/10\\\/07\\\/fete-de-lachevement-de-la-charpente-et-du-gros-oeuvre-en-tradition\\\/#article\",\"isPartOf\":{\"@id\":\"https:\\\/\\\/braley-france.com\\\/index.php\\\/2016\\\/10\\\/07\\\/fete-de-lachevement-de-la-charpente-et-du-gros-oeuvre-en-tradition\\\/\"},\"author\":{\"name\":\"stephanie\",\"@id\":\"https:\\\/\\\/braley-france.com\\\/#\\\/schema\\\/person\\\/27d45765ade55e28bd3124d4b90cf393\"},\"headline\":\"F\u00eate de l&rsquo;ach\u00e8vement de la charpente et du gros oeuvre en tradition\",\"datePublished\":\"2016-10-07T07:53:30+00:00\",\"dateModified\":\"2016-11-08T09:37:00+00:00\",\"mainEntityOfPage\":{\"@id\":\"https:\\\/\\\/braley-france.com\\\/index.php\\\/2016\\\/10\\\/07\\\/fete-de-lachevement-de-la-charpente-et-du-gros-oeuvre-en-tradition\\\/\"},\"wordCount\":200,\"commentCount\":0,\"image\":{\"@id\":\"https:\\\/\\\/braley-france.com\\\/index.php\\\/2016\\\/10\\\/07\\\/fete-de-lachevement-de-la-charpente-et-du-gros-oeuvre-en-tradition\\\/#primaryimage\"},\"thumbnailUrl\":\"https:\\\/\\\/braley-france.com\\\/wp-content\\\/uploads\\\/2016\\\/11\\\/14524432_10154149676643731_4809202277870202827_o.jpg\",\"inLanguage\":\"fr-FR\",\"potentialAction\":[{\"@type\":\"CommentAction\",\"name\":\"Comment\",\"target\":[\"https:\\\/\\\/braley-france.com\\\/index.php\\\/2016\\\/10\\\/07\\\/fete-de-lachevement-de-la-charpente-et-du-gros-oeuvre-en-tradition\\\/#respond\"]}]},{\"@type\":\"WebPage\",\"@id\":\"https:\\\/\\\/braley-france.com\\\/index.php\\\/2016\\\/10\\\/07\\\/fete-de-lachevement-de-la-charpente-et-du-gros-oeuvre-en-tradition\\\/\",\"url\":\"https:\\\/\\\/braley-france.com\\\/index.php\\\/2016\\\/10\\\/07\\\/fete-de-lachevement-de-la-charpente-et-du-gros-oeuvre-en-tradition\\\/\",\"name\":\"F\u00eate de l'ach\u00e8vement de la charpente et du gros oeuvre en tradition - Braley France\",\"isPartOf\":{\"@id\":\"https:\\\/\\\/braley-france.com\\\/#website\"},\"primaryImageOfPage\":{\"@id\":\"https:\\\/\\\/braley-france.com\\\/index.php\\\/2016\\\/10\\\/07\\\/fete-de-lachevement-de-la-charpente-et-du-gros-oeuvre-en-tradition\\\/#primaryimage\"},\"image\":{\"@id\":\"https:\\\/\\\/braley-france.com\\\/index.php\\\/2016\\\/10\\\/07\\\/fete-de-lachevement-de-la-charpente-et-du-gros-oeuvre-en-tradition\\\/#primaryimage\"},\"thumbnailUrl\":\"https:\\\/\\\/braley-france.com\\\/wp-content\\\/uploads\\\/2016\\\/11\\\/14524432_10154149676643731_4809202277870202827_o.jpg\",\"datePublished\":\"2016-10-07T07:53:30+00:00\",\"dateModified\":\"2016-11-08T09:37:00+00:00\",\"author\":{\"@id\":\"https:\\\/\\\/braley-france.com\\\/#\\\/schema\\\/person\\\/27d45765ade55e28bd3124d4b90cf393\"},\"breadcrumb\":{\"@id\":\"https:\\\/\\\/braley-france.com\\\/index.php\\\/2016\\\/10\\\/07\\\/fete-de-lachevement-de-la-charpente-et-du-gros-oeuvre-en-tradition\\\/#breadcrumb\"},\"inLanguage\":\"fr-FR\",\"potentialAction\":[{\"@type\":\"ReadAction\",\"target\":[\"https:\\\/\\\/braley-france.com\\\/index.php\\\/2016\\\/10\\\/07\\\/fete-de-lachevement-de-la-charpente-et-du-gros-oeuvre-en-tradition\\\/\"]}]},{\"@type\":\"ImageObject\",\"inLanguage\":\"fr-FR\",\"@id\":\"https:\\\/\\\/braley-france.com\\\/index.php\\\/2016\\\/10\\\/07\\\/fete-de-lachevement-de-la-charpente-et-du-gros-oeuvre-en-tradition\\\/#primaryimage\",\"url\":\"https:\\\/\\\/braley-france.com\\\/wp-content\\\/uploads\\\/2016\\\/11\\\/14524432_10154149676643731_4809202277870202827_o.jpg\",\"contentUrl\":\"https:\\\/\\\/braley-france.com\\\/wp-content\\\/uploads\\\/2016\\\/11\\\/14524432_10154149676643731_4809202277870202827_o.jpg\",\"width\":1632,\"height\":1224},{\"@type\":\"BreadcrumbList\",\"@id\":\"https:\\\/\\\/braley-france.com\\\/index.php\\\/2016\\\/10\\\/07\\\/fete-de-lachevement-de-la-charpente-et-du-gros-oeuvre-en-tradition\\\/#breadcrumb\",\"itemListElement\":[{\"@type\":\"ListItem\",\"position\":1,\"name\":\"Accueil\",\"item\":\"https:\\\/\\\/braley-france.com\\\/\"},{\"@type\":\"ListItem\",\"position\":2,\"name\":\"F\u00eate de l&rsquo;ach\u00e8vement de la charpente et du gros oeuvre en tradition\"}]},{\"@type\":\"WebSite\",\"@id\":\"https:\\\/\\\/braley-france.com\\\/#website\",\"url\":\"https:\\\/\\\/braley-france.com\\\/\",\"name\":\"Braley France\",\"description\":\"Environnement - Energies\",\"potentialAction\":[{\"@type\":\"SearchAction\",\"target\":{\"@type\":\"EntryPoint\",\"urlTemplate\":\"https:\\\/\\\/braley-france.com\\\/?s={search_term_string}\"},\"query-input\":{\"@type\":\"PropertyValueSpecification\",\"valueRequired\":true,\"valueName\":\"search_term_string\"}}],\"inLanguage\":\"fr-FR\"},{\"@type\":\"Person\",\"@id\":\"https:\\\/\\\/braley-france.com\\\/#\\\/schema\\\/person\\\/27d45765ade55e28bd3124d4b90cf393\",\"name\":\"stephanie\",\"image\":{\"@type\":\"ImageObject\",\"inLanguage\":\"fr-FR\",\"@id\":\"https:\\\/\\\/secure.gravatar.com\\\/avatar\\\/a8842d06d065ffbeb193cd8b8df4f02355f3f813b5a9d4884d97aaa8d134fdf4?s=96&d=mm&r=g\",\"url\":\"https:\\\/\\\/secure.gravatar.com\\\/avatar\\\/a8842d06d065ffbeb193cd8b8df4f02355f3f813b5a9d4884d97aaa8d134fdf4?s=96&d=mm&r=g\",\"contentUrl\":\"https:\\\/\\\/secure.gravatar.com\\\/avatar\\\/a8842d06d065ffbeb193cd8b8df4f02355f3f813b5a9d4884d97aaa8d134fdf4?s=96&d=mm&r=g\",\"caption\":\"stephanie\"},\"url\":\"https:\\\/\\\/braley-france.com\\\/index.php\\\/author\\\/stephanie\\\/\"}]}<\/script>\n<!-- \/ Yoast SEO plugin. -->","yoast_head_json":{"title":"F\u00eate de l'ach\u00e8vement de la charpente et du gros oeuvre en tradition - Braley France","robots":{"index":"index","follow":"follow","max-snippet":"max-snippet:-1","max-image-preview":"max-image-preview:large","max-video-preview":"max-video-preview:-1"},"canonical":"https:\/\/braley-france.com\/index.php\/2016\/10\/07\/fete-de-lachevement-de-la-charpente-et-du-gros-oeuvre-en-tradition\/","og_locale":"fr_FR","og_type":"article","og_title":"F\u00eate de l'ach\u00e8vement de la charpente et du gros oeuvre en tradition - Braley France","og_description":"Le 7 octobre 2016, nous avons f\u00eat\u00e9 avec tradition l&rsquo;ach\u00e8vement de la charpente et du gros oeuvre (d\u00e9chetterie professionnelle) en la pr\u00e9sence de Monsieur le Maire d&rsquo; Onet le Chateau, Mouysset Charpente et la soci\u00e9t\u00e9 Andrieu Construction.","og_url":"https:\/\/braley-france.com\/index.php\/2016\/10\/07\/fete-de-lachevement-de-la-charpente-et-du-gros-oeuvre-en-tradition\/","og_site_name":"Braley France","article_published_time":"2016-10-07T07:53:30+00:00","article_modified_time":"2016-11-08T09:37:00+00:00","og_image":[{"width":1632,"height":1224,"url":"https:\/\/braley-france.com\/wp-content\/uploads\/2016\/11\/14524432_10154149676643731_4809202277870202827_o.jpg","type":"image\/jpeg"}],"author":"stephanie","twitter_card":"summary_large_image","twitter_misc":{"\u00c9crit par":"stephanie","Dur\u00e9e de lecture estim\u00e9e":"1 minute"},"schema":{"@context":"https:\/\/schema.org","@graph":[{"@type":"Article","@id":"https:\/\/braley-france.com\/index.php\/2016\/10\/07\/fete-de-lachevement-de-la-charpente-et-du-gros-oeuvre-en-tradition\/#article","isPartOf":{"@id":"https:\/\/braley-france.com\/index.php\/2016\/10\/07\/fete-de-lachevement-de-la-charpente-et-du-gros-oeuvre-en-tradition\/"},"author":{"name":"stephanie","@id":"https:\/\/braley-france.com\/#\/schema\/person\/27d45765ade55e28bd3124d4b90cf393"},"headline":"F\u00eate de l&rsquo;ach\u00e8vement de la charpente et du gros oeuvre en tradition","datePublished":"2016-10-07T07:53:30+00:00","dateModified":"2016-11-08T09:37:00+00:00","mainEntityOfPage":{"@id":"https:\/\/braley-france.com\/index.php\/2016\/10\/07\/fete-de-lachevement-de-la-charpente-et-du-gros-oeuvre-en-tradition\/"},"wordCount":200,"commentCount":0,"image":{"@id":"https:\/\/braley-france.com\/index.php\/2016\/10\/07\/fete-de-lachevement-de-la-charpente-et-du-gros-oeuvre-en-tradition\/#primaryimage"},"thumbnailUrl":"https:\/\/braley-france.com\/wp-content\/uploads\/2016\/11\/14524432_10154149676643731_4809202277870202827_o.jpg","inLanguage":"fr-FR","potentialAction":[{"@type":"CommentAction","name":"Comment","target":["https:\/\/braley-france.com\/index.php\/2016\/10\/07\/fete-de-lachevement-de-la-charpente-et-du-gros-oeuvre-en-tradition\/#respond"]}]},{"@type":"WebPage","@id":"https:\/\/braley-france.com\/index.php\/2016\/10\/07\/fete-de-lachevement-de-la-charpente-et-du-gros-oeuvre-en-tradition\/","url":"https:\/\/braley-france.com\/index.php\/2016\/10\/07\/fete-de-lachevement-de-la-charpente-et-du-gros-oeuvre-en-tradition\/","name":"F\u00eate de l'ach\u00e8vement de la charpente et du gros oeuvre en tradition - Braley France","isPartOf":{"@id":"https:\/\/braley-france.com\/#website"},"primaryImageOfPage":{"@id":"https:\/\/braley-france.com\/index.php\/2016\/10\/07\/fete-de-lachevement-de-la-charpente-et-du-gros-oeuvre-en-tradition\/#primaryimage"},"image":{"@id":"https:\/\/braley-france.com\/index.php\/2016\/10\/07\/fete-de-lachevement-de-la-charpente-et-du-gros-oeuvre-en-tradition\/#primaryimage"},"thumbnailUrl":"https:\/\/braley-france.com\/wp-content\/uploads\/2016\/11\/14524432_10154149676643731_4809202277870202827_o.jpg","datePublished":"2016-10-07T07:53:30+00:00","dateModified":"2016-11-08T09:37:00+00:00","author":{"@id":"https:\/\/braley-france.com\/#\/schema\/person\/27d45765ade55e28bd3124d4b90cf393"},"breadcrumb":{"@id":"https:\/\/braley-france.com\/index.php\/2016\/10\/07\/fete-de-lachevement-de-la-charpente-et-du-gros-oeuvre-en-tradition\/#breadcrumb"},"inLanguage":"fr-FR","potentialAction":[{"@type":"ReadAction","target":["https:\/\/braley-france.com\/index.php\/2016\/10\/07\/fete-de-lachevement-de-la-charpente-et-du-gros-oeuvre-en-tradition\/"]}]},{"@type":"ImageObject","inLanguage":"fr-FR","@id":"https:\/\/braley-france.com\/index.php\/2016\/10\/07\/fete-de-lachevement-de-la-charpente-et-du-gros-oeuvre-en-tradition\/#primaryimage","url":"https:\/\/braley-france.com\/wp-content\/uploads\/2016\/11\/14524432_10154149676643731_4809202277870202827_o.jpg","contentUrl":"https:\/\/braley-france.com\/wp-content\/uploads\/2016\/11\/14524432_10154149676643731_4809202277870202827_o.jpg","width":1632,"height":1224},{"@type":"BreadcrumbList","@id":"https:\/\/braley-france.com\/index.php\/2016\/10\/07\/fete-de-lachevement-de-la-charpente-et-du-gros-oeuvre-en-tradition\/#breadcrumb","itemListElement":[{"@type":"ListItem","position":1,"name":"Accueil","item":"https:\/\/braley-france.com\/"},{"@type":"ListItem","position":2,"name":"F\u00eate de l&rsquo;ach\u00e8vement de la charpente et du gros oeuvre en tradition"}]},{"@type":"WebSite","@id":"https:\/\/braley-france.com\/#website","url":"https:\/\/braley-france.com\/","name":"Braley France","description":"Environnement - Energies","potentialAction":[{"@type":"SearchAction","target":{"@type":"EntryPoint","urlTemplate":"https:\/\/braley-france.com\/?s={search_term_string}"},"query-input":{"@type":"PropertyValueSpecification","valueRequired":true,"valueName":"search_term_string"}}],"inLanguage":"fr-FR"},{"@type":"Person","@id":"https:\/\/braley-france.com\/#\/schema\/person\/27d45765ade55e28bd3124d4b90cf393","name":"stephanie","image":{"@type":"ImageObject","inLanguage":"fr-FR","@id":"https:\/\/secure.gravatar.com\/avatar\/a8842d06d065ffbeb193cd8b8df4f02355f3f813b5a9d4884d97aaa8d134fdf4?s=96&d=mm&r=g","url":"https:\/\/secure.gravatar.com\/avatar\/a8842d06d065ffbeb193cd8b8df4f02355f3f813b5a9d4884d97aaa8d134fdf4?s=96&d=mm&r=g","contentUrl":"https:\/\/secure.gravatar.com\/avatar\/a8842d06d065ffbeb193cd8b8df4f02355f3f813b5a9d4884d97aaa8d134fdf4?s=96&d=mm&r=g","caption":"stephanie"},"url":"https:\/\/braley-france.com\/index.php\/author\/stephanie\/"}]}},"_links":{"self":[{"href":"https:\/\/braley-france.com\/index.php\/wp-json\/wp\/v2\/posts\/548","targetHints":{"allow":["GET"]}}],"collection":[{"href":"https:\/\/braley-france.com\/index.php\/wp-json\/wp\/v2\/posts"}],"about":[{"href":"https:\/\/braley-france.com\/index.php\/wp-json\/wp\/v2\/types\/post"}],"author":[{"embeddable":true,"href":"https:\/\/braley-france.com\/index.php\/wp-json\/wp\/v2\/users\/1"}],"replies":[{"embeddable":true,"href":"https:\/\/braley-france.com\/index.php\/wp-json\/wp\/v2\/comments?post=548"}],"version-history":[{"count":1,"href":"https:\/\/braley-france.com\/index.php\/wp-json\/wp\/v2\/posts\/548\/revisions"}],"predecessor-version":[{"id":570,"href":"https:\/\/braley-france.com\/index.php\/wp-json\/wp\/v2\/posts\/548\/revisions\/570"}],"wp:featuredmedia":[{"embeddable":true,"href":"https:\/\/braley-france.com\/index.php\/wp-json\/wp\/v2\/media\/549"}],"wp:attachment":[{"href":"https:\/\/braley-france.com\/index.php\/wp-json\/wp\/v2\/media?parent=548"}],"wp:term":[{"taxonomy":"category","embeddable":true,"href":"https:\/\/braley-france.com\/index.php\/wp-json\/wp\/v2\/categories?post=548"},{"taxonomy":"post_tag","embeddable":true,"href":"https:\/\/braley-france.com\/index.php\/wp-json\/wp\/v2\/tags?post=548"}],"curies":[{"name":"wp","href":"https:\/\/api.w.org\/{rel}","templated":true}]}}